{"id":1207,"date":"2023-06-17T16:03:39","date_gmt":"2023-06-17T14:03:39","guid":{"rendered":"https:\/\/histoires-dhistoire.org\/?p=1207"},"modified":"2023-06-17T16:05:37","modified_gmt":"2023-06-17T14:05:37","slug":"presentation-du-theme-2023","status":"publish","type":"post","link":"https:\/\/histoires-dhistoire.org\/index.php\/2023\/06\/17\/presentation-du-theme-2023\/","title":{"rendered":"Pr\u00e9sentation du th\u00e8me 2023"},"content":{"rendered":"<p>[et_pb_section fb_built=\u00a0\u00bb1&Prime; admin_label=\u00a0\u00bbClass Details Section\u00a0\u00bb _builder_version=\u00a0\u00bb3.22&Prime; background_color=\u00a0\u00bb#efe9e4&Prime; custom_padding=\u00a0\u00bb90px||90px|\u00a0\u00bb][et_pb_row admin_label=\u00a0\u00bbPage Title Area\u00a0\u00bb _builder_version=\u00a0\u00bb4.9.3&Prime; background_size=\u00a0\u00bbinitial\u00a0\u00bb background_position=\u00a0\u00bbtop_left\u00a0\u00bb background_repeat=\u00a0\u00bbrepeat\u00a0\u00bb locked=\u00a0\u00bboff\u00a0\u00bb][et_pb_column type=\u00a0\u00bb4_4&Prime; _builder_version=\u00a0\u00bb3.25&Prime; custom_padding=\u00a0\u00bb|||\u00a0\u00bb custom_padding__hover=\u00a0\u00bb|||\u00a0\u00bb][et_pb_text admin_label=\u00a0\u00bbTitle\u00a0\u00bb _builder_version=\u00a0\u00bb4.9.10&Prime; text_font=\u00a0\u00bb||||||||\u00a0\u00bb header_font=\u00a0\u00bbPoppins|600|||||||\u00a0\u00bb header_text_color=\u00a0\u00bb#E02B20&Prime; header_font_size=\u00a0\u00bb60px\u00a0\u00bb header_line_height=\u00a0\u00bb1.2em\u00a0\u00bb header_2_font=\u00a0\u00bb||||||||\u00a0\u00bb header_2_font_size=\u00a0\u00bb60px\u00a0\u00bb background_layout=\u00a0\u00bbdark\u00a0\u00bb custom_margin=\u00a0\u00bb||20px|\u00a0\u00bb custom_padding=\u00a0\u00bb|||\u00a0\u00bb animation_style=\u00a0\u00bbfade\u00a0\u00bb header_font_size_tablet=\u00a0\u00bb\u00a0\u00bb header_font_size_phone=\u00a0\u00bb40px\u00a0\u00bb header_font_size_last_edited=\u00a0\u00bbon|phone\u00a0\u00bb]<\/p>\n<h1>Le bruit des bottes !<\/h1>\n<p>[\/et_pb_text][\/et_pb_column][\/et_pb_row][et_pb_row _builder_version=\u00a0\u00bb3.25&Prime;][et_pb_column type=\u00a0\u00bb4_4&Prime; _builder_version=\u00a0\u00bb3.25&Prime; custom_padding=\u00a0\u00bb|||\u00a0\u00bb custom_padding__hover=\u00a0\u00bb|||\u00a0\u00bb][et_pb_text _builder_version=\u00a0\u00bb4.9.10&Prime; _module_preset=\u00a0\u00bbdefault\u00a0\u00bb hover_enabled=\u00a0\u00bb0&Prime; sticky_enabled=\u00a0\u00bb0&Prime;]<\/p>\n<p>&nbsp;<\/p>\n<p>L&rsquo;association <em>histoires d&rsquo;Histoire<\/em> vous invite \u00e0 la pr\u00e9sentation du th\u00e8me 2023 \u00ab\u00a0le bruit des bottes (quand la mont\u00e9e des dictatures menace la d\u00e9mocratie) et au d\u00e9voilement de l&rsquo;affiche officielle.<\/p>\n<p>Rendez-vous dans notre librairie partenaire Le Baz&rsquo;Art des Mots\u00a0 <strong>le 24 juin \u00e0 11h<\/strong>. Pour cette pr\u00e9sentation suivie du verre de l&rsquo;amiti\u00e9.<\/p>\n<p>&nbsp;<\/p>\n<p>[\/et_pb_text][\/et_pb_column][\/et_pb_row][\/et_pb_section]<\/p>\n","protected":false},"excerpt":{"rendered":"<p>Le bruit des bottes ! &nbsp; L&rsquo;association histoires d&rsquo;Histoire vous invite \u00e0 la pr\u00e9sentation du th\u00e8me 2023 \u00ab\u00a0le bruit des bottes (quand la mont\u00e9e des dictatures menace la d\u00e9mocratie) et au d\u00e9voilement de l&rsquo;affiche officielle. Rendez-vous dans notre librairie partenaire Le Baz&rsquo;Art des Mots\u00a0 le 24 juin \u00e0 11h. Pour cette pr\u00e9sentation suivie du verre [&hellip;]<\/p>\n","protected":false},"author":3,"featured_media":1210,"comment_status":"closed","ping_status":"closed","sticky":false,"template":"","format":"standard","meta":{"_et_pb_use_builder":"on","_et_pb_old_content":"","_et_gb_content_width":"1080"},"categories":[8],"tags":[],"_links":{"self":[{"href":"https:\/\/histoires-dhistoire.org\/index.php\/wp-json\/wp\/v2\/posts\/1207"}],"collection":[{"href":"https:\/\/histoires-dhistoire.org\/index.php\/wp-json\/wp\/v2\/posts"}],"about":[{"href":"https:\/\/histoires-dhistoire.org\/index.php\/wp-json\/wp\/v2\/types\/post"}],"author":[{"embeddable":true,"href":"https:\/\/histoires-dhistoire.org\/index.php\/wp-json\/wp\/v2\/users\/3"}],"replies":[{"embeddable":true,"href":"https:\/\/histoires-dhistoire.org\/index.php\/wp-json\/wp\/v2\/comments?post=1207"}],"version-history":[{"count":4,"href":"https:\/\/histoires-dhistoire.org\/index.php\/wp-json\/wp\/v2\/posts\/1207\/revisions"}],"predecessor-version":[{"id":1212,"href":"https:\/\/histoires-dhistoire.org\/index.php\/wp-json\/wp\/v2\/posts\/1207\/revisions\/1212"}],"wp:featuredmedia":[{"embeddable":true,"href":"https:\/\/histoires-dhistoire.org\/index.php\/wp-json\/wp\/v2\/media\/1210"}],"wp:attachment":[{"href":"https:\/\/histoires-dhistoire.org\/index.php\/wp-json\/wp\/v2\/media?parent=1207"}],"wp:term":[{"taxonomy":"category","embeddable":true,"href":"https:\/\/histoires-dhistoire.org\/index.php\/wp-json\/wp\/v2\/categories?post=1207"},{"taxonomy":"post_tag","embeddable":true,"href":"https:\/\/histoires-dhistoire.org\/index.php\/wp-json\/wp\/v2\/tags?post=1207"}],"curies":[{"name":"wp","href":"https:\/\/api.w.org\/{rel}","templated":true}]}}